{"id":4210,"date":"2019-02-17T11:38:36","date_gmt":"2019-02-17T10:38:36","guid":{"rendered":"https:\/\/www.riarteco.it\/core\/?p=4210"},"modified":"2019-02-17T11:48:26","modified_gmt":"2019-02-17T10:48:26","slug":"progetto-senses","status":"publish","type":"post","link":"https:\/\/www.riarteco.it\/core\/progetto-senses\/","title":{"rendered":"Progetto SENSES"},"content":{"rendered":"<div class=\"w3-container\"><\/div>\n<div class=\"w3-container\">\n<div class=\"w3-panel w3-black w3-large w3-center w3-padding\">Progetto \u201cSENSES\u201d<\/div>\n<div class=\"w3-panel w3-large w3-padding\">\u201cSENSES\u201d accompagna con il linguaggio artistico le conferenze al Macro Asilo nei giorni del 5 e 6 marzo, organizzate da RiArtEco sul tema dei rifiuti e, pi\u00f9 in generale, dell&#8217;inquinamento ambientale. Una serie di installazioni realizzate con materiali di scarto e recupero a rappresentare l\u2019importanza di tutelare gli equilibri ambientali per migliorare la vita degli uomini, degli animali, della natura e dell\u2019intero pianeta. Perch\u00e9 tutto \u00e8 intrecciato e collegato, siamo un unico organismo ed \u00e8 necessario ricordarlo, con la scienza e con l\u2019arte. Per amare e godere della vita, per capire cosa si pu\u00f2 effettivamente fare nei piccoli atti come nei grandi progetti, per proteggere il nostro ecosistema. La performance si sviluppa lungo uno spazio strutturato in tre habitat diversi, ma comunicanti: marino, terrestre ed atmosferico dove Aldo Celle, Andrea Puca, Benedetta Iandolo, Sara Contardi e Sonia Vecchio, ambienteranno le loro installazioni per coinvolgere il pubblico in  un&#8217;esperienza visiva, tattile e sensoriale direttamente collegata alle immagini e parole dei ricercatori ed esperti, allo scopo di creare un contatto diretto con il messaggio artistico e la riflessione sulla tutela dell\u2019ambiente. <\/div>\n<div class=\"w3-panel w3-large w3-padding\">L&#8217;installazione \u201cABYSS\u201d a cura di Aldo CELLE e Andrea PUCA, illustrer\u00e0 la conferenza \u201cIl mare e le forme invisibili dell&#8217;inquinamento oltre la plastica: da urban litter a marine litter\u201d, con opere realizzate in estemporanea che descrivono le forme di vita sui fondali, la bellezza e ricchezza marina con i rischi derivanti dalle attivit\u00e0 umane e dai processi antropici. <\/div>\n<div class=\"w3-panel w3-large w3-padding\">\u201cDIALOGUES\u201d \u00e8 l&#8217;istallazione di Benedetta IANDOLO in collaborazione con Andrea PUCA che illustrer\u00e0 la conferenza \u201cIl contributo dell&#8217;uomo alle emissioni in atmosfera dei gas a effetto serra\u201d. Protagonista di questo intervento artistico sar\u00e0 l&#8217;ambiente atmosferico e le sue alterazioni dovute dall&#8217;uso di sostanze climoalteranti, colpevoli della compromissione degli habitat umani ed animali, con le conseguenze sulla vivibilit\u00e0 dei luoghi. L&#8217;installazione sar\u00e0 composta da vegetali urbani di piccole dimensioni in contenitori di recupero, con i quali si andranno a comporre \u201cdialoghi\u201d tra artista e spettatore.\n <\/div>\n<div class=\"w3-panel w3-large w3-padding\">L&#8217;installazione \u201cPLANET LIFE\u201d composta a quattro mani da SC-art (Sara CONTARDI) e SO. VE. (Sonia VECCHIO) illustrer\u00e0 la conferenza \u201cAnalisi delle relazioni tra i processi antropici e la societ\u00e0 dei consumi\u201d, dedicata al progetto LIFE SE.POSSO di ISPRA. L\u2019arte polimaterica dell\u2019artista So.Ve, con la sua \u201cTerra\u201d interattivit\u00e0 da toocare e far girare, sar\u00e0 accolta nella prateria di Posidonia ricreata da Sara con materiali di recupero che, come caratteristica di molte sue opere, ilascer\u00e0 messaggi scritti nell\u2019installazione. Perch\u00e9 l\u2019arte \u00e8 fatta di immagini e parole poetiche che si accompagnano a vicenda per fondersi e trasmettere un messaggio. <br \/>\u00c8 VITA.. <br \/>TOCCARE MA NON STRAPPARE.. <br \/>\u00c8 RICCHEZZA, \u00c8 RISORSA..<br \/>\u00c8 VITA. <\/div>\n<\/div>\n","protected":false},"excerpt":{"rendered":"<p>Progetto \u201cSENSES\u201d \u201cSENSES\u201d accompagna con il linguaggio artistico le conferenze al Macro Asilo nei giorni del 5 e 6 marzo, organizzate da RiArtEco sul tema dei rifiuti e, pi\u00f9 in generale, dell&#8217;inquinamento ambientale. Una serie di installazioni realizzate con materiali di scarto e recupero a rappresentare l\u2019importanza di tutelare gli equilibri ambientali per migliorare la [&hellip;]<\/p>\n","protected":false},"author":5,"featured_media":0,"comment_status":"closed","ping_status":"closed","sticky":false,"template":"","format":"standard","meta":{"ngg_post_thumbnail":0},"categories":[23],"tags":[],"acf":[],"yoast_head":"<!-- This site is optimized with the Yoast SEO plugin v18.4.1 - https:\/\/yoast.com\/wordpress\/plugins\/seo\/ -->\n<title>Progetto SENSES - RiartEco<\/title>\n<meta name=\"robots\" content=\"index, follow, max-snippet:-1, max-image-preview:large, max-video-preview:-1\" \/>\n<link rel=\"canonical\" href=\"https:\/\/www.riarteco.it\/core\/progetto-senses\/\" \/>\n<meta property=\"og:locale\" content=\"it_IT\" \/>\n<meta property=\"og:type\" content=\"article\" \/>\n<meta property=\"og:title\" content=\"Progetto SENSES - RiartEco\" \/>\n<meta property=\"og:description\" content=\"Progetto \u201cSENSES\u201d \u201cSENSES\u201d accompagna con il linguaggio artistico le conferenze al Macro Asilo nei giorni del 5 e 6 marzo, organizzate da RiArtEco sul tema dei rifiuti e, pi\u00f9 in generale, dell&#8217;inquinamento ambientale. Una serie di installazioni realizzate con materiali di scarto e recupero a rappresentare l\u2019importanza di tutelare gli equilibri ambientali per migliorare la [&hellip;]\" \/>\n<meta property=\"og:url\" content=\"https:\/\/www.riarteco.it\/core\/progetto-senses\/\" \/>\n<meta property=\"og:site_name\" content=\"RiartEco\" \/>\n<meta property=\"article:published_time\" content=\"2019-02-17T10:38:36+00:00\" \/>\n<meta property=\"article:modified_time\" content=\"2019-02-17T10:48:26+00:00\" \/>\n<meta name=\"twitter:card\" content=\"summary\" \/>\n<meta name=\"twitter:label1\" content=\"Scritto da\" \/>\n\t<meta name=\"twitter:data1\" content=\"Aida GP\" \/>\n\t<meta name=\"twitter:label2\" content=\"Tempo di lettura stimato\" \/>\n\t<meta name=\"twitter:data2\" content=\"2 minuti\" \/>\n<script type=\"application\/ld+json\" class=\"yoast-schema-graph\">{\"@context\":\"https:\/\/schema.org\",\"@graph\":[{\"@type\":\"Organization\",\"@id\":\"https:\/\/www.riarteco.it\/core\/#organization\",\"name\":\"Movimento RiArtEco\",\"url\":\"https:\/\/www.riarteco.it\/core\/\",\"sameAs\":[],\"logo\":{\"@type\":\"ImageObject\",\"@id\":\"https:\/\/www.riarteco.it\/core\/#logo\",\"inLanguage\":\"it-IT\",\"url\":\"https:\/\/www.riarteco.it\/core\/wp-content\/uploads\/2015\/05\/cropped-intestazione.jpg\",\"contentUrl\":\"https:\/\/www.riarteco.it\/core\/wp-content\/uploads\/2015\/05\/cropped-intestazione.jpg\",\"width\":1440,\"height\":520,\"caption\":\"Movimento RiArtEco\"},\"image\":{\"@id\":\"https:\/\/www.riarteco.it\/core\/#logo\"}},{\"@type\":\"WebSite\",\"@id\":\"https:\/\/www.riarteco.it\/core\/#website\",\"url\":\"https:\/\/www.riarteco.it\/core\/\",\"name\":\"RiartEco\",\"description\":\"ARTE (r)EVOLUTION\",\"publisher\":{\"@id\":\"https:\/\/www.riarteco.it\/core\/#organization\"},\"potentialAction\":[{\"@type\":\"SearchAction\",\"target\":{\"@type\":\"EntryPoint\",\"urlTemplate\":\"https:\/\/www.riarteco.it\/core\/?s={search_term_string}\"},\"query-input\":\"required name=search_term_string\"}],\"inLanguage\":\"it-IT\"},{\"@type\":\"WebPage\",\"@id\":\"https:\/\/www.riarteco.it\/core\/progetto-senses\/#webpage\",\"url\":\"https:\/\/www.riarteco.it\/core\/progetto-senses\/\",\"name\":\"Progetto SENSES - RiartEco\",\"isPartOf\":{\"@id\":\"https:\/\/www.riarteco.it\/core\/#website\"},\"datePublished\":\"2019-02-17T10:38:36+00:00\",\"dateModified\":\"2019-02-17T10:48:26+00:00\",\"breadcrumb\":{\"@id\":\"https:\/\/www.riarteco.it\/core\/progetto-senses\/#breadcrumb\"},\"inLanguage\":\"it-IT\",\"potentialAction\":[{\"@type\":\"ReadAction\",\"target\":[\"https:\/\/www.riarteco.it\/core\/progetto-senses\/\"]}]},{\"@type\":\"BreadcrumbList\",\"@id\":\"https:\/\/www.riarteco.it\/core\/progetto-senses\/#breadcrumb\",\"itemListElement\":[{\"@type\":\"ListItem\",\"position\":1,\"name\":\"Home\",\"item\":\"https:\/\/www.riarteco.it\/core\/\"},{\"@type\":\"ListItem\",\"position\":2,\"name\":\"Progetto SENSES\"}]},{\"@type\":\"Article\",\"@id\":\"https:\/\/www.riarteco.it\/core\/progetto-senses\/#article\",\"isPartOf\":{\"@id\":\"https:\/\/www.riarteco.it\/core\/progetto-senses\/#webpage\"},\"author\":{\"@id\":\"https:\/\/www.riarteco.it\/core\/#\/schema\/person\/6f421a0802ad7ee48872a225dd2e7f5f\"},\"headline\":\"Progetto SENSES\",\"datePublished\":\"2019-02-17T10:38:36+00:00\",\"dateModified\":\"2019-02-17T10:48:26+00:00\",\"mainEntityOfPage\":{\"@id\":\"https:\/\/www.riarteco.it\/core\/progetto-senses\/#webpage\"},\"wordCount\":433,\"publisher\":{\"@id\":\"https:\/\/www.riarteco.it\/core\/#organization\"},\"articleSection\":[\"Slider\"],\"inLanguage\":\"it-IT\"},{\"@type\":\"Person\",\"@id\":\"https:\/\/www.riarteco.it\/core\/#\/schema\/person\/6f421a0802ad7ee48872a225dd2e7f5f\",\"name\":\"Aida GP\",\"image\":{\"@type\":\"ImageObject\",\"@id\":\"https:\/\/www.riarteco.it\/core\/#personlogo\",\"inLanguage\":\"it-IT\",\"url\":\"https:\/\/secure.gravatar.com\/avatar\/8ca847a9699bb14c6738967855d93d05?s=96&d=mm&r=g\",\"contentUrl\":\"https:\/\/secure.gravatar.com\/avatar\/8ca847a9699bb14c6738967855d93d05?s=96&d=mm&r=g\",\"caption\":\"Aida GP\"},\"sameAs\":[\"dscsacas\"],\"url\":\"https:\/\/www.riarteco.it\/core\/author\/aida-gp\/\"}]}<\/script>\n<!-- \/ Yoast SEO plugin. -->","yoast_head_json":{"title":"Progetto SENSES - RiartEco","robots":{"index":"index","follow":"follow","max-snippet":"max-snippet:-1","max-image-preview":"max-image-preview:large","max-video-preview":"max-video-preview:-1"},"canonical":"https:\/\/www.riarteco.it\/core\/progetto-senses\/","og_locale":"it_IT","og_type":"article","og_title":"Progetto SENSES - RiartEco","og_description":"Progetto \u201cSENSES\u201d \u201cSENSES\u201d accompagna con il linguaggio artistico le conferenze al Macro Asilo nei giorni del 5 e 6 marzo, organizzate da RiArtEco sul tema dei rifiuti e, pi\u00f9 in generale, dell&#8217;inquinamento ambientale. Una serie di installazioni realizzate con materiali di scarto e recupero a rappresentare l\u2019importanza di tutelare gli equilibri ambientali per migliorare la [&hellip;]","og_url":"https:\/\/www.riarteco.it\/core\/progetto-senses\/","og_site_name":"RiartEco","article_published_time":"2019-02-17T10:38:36+00:00","article_modified_time":"2019-02-17T10:48:26+00:00","twitter_card":"summary","twitter_misc":{"Scritto da":"Aida GP","Tempo di lettura stimato":"2 minuti"},"schema":{"@context":"https:\/\/schema.org","@graph":[{"@type":"Organization","@id":"https:\/\/www.riarteco.it\/core\/#organization","name":"Movimento RiArtEco","url":"https:\/\/www.riarteco.it\/core\/","sameAs":[],"logo":{"@type":"ImageObject","@id":"https:\/\/www.riarteco.it\/core\/#logo","inLanguage":"it-IT","url":"https:\/\/www.riarteco.it\/core\/wp-content\/uploads\/2015\/05\/cropped-intestazione.jpg","contentUrl":"https:\/\/www.riarteco.it\/core\/wp-content\/uploads\/2015\/05\/cropped-intestazione.jpg","width":1440,"height":520,"caption":"Movimento RiArtEco"},"image":{"@id":"https:\/\/www.riarteco.it\/core\/#logo"}},{"@type":"WebSite","@id":"https:\/\/www.riarteco.it\/core\/#website","url":"https:\/\/www.riarteco.it\/core\/","name":"RiartEco","description":"ARTE (r)EVOLUTION","publisher":{"@id":"https:\/\/www.riarteco.it\/core\/#organization"},"potentialAction":[{"@type":"SearchAction","target":{"@type":"EntryPoint","urlTemplate":"https:\/\/www.riarteco.it\/core\/?s={search_term_string}"},"query-input":"required name=search_term_string"}],"inLanguage":"it-IT"},{"@type":"WebPage","@id":"https:\/\/www.riarteco.it\/core\/progetto-senses\/#webpage","url":"https:\/\/www.riarteco.it\/core\/progetto-senses\/","name":"Progetto SENSES - RiartEco","isPartOf":{"@id":"https:\/\/www.riarteco.it\/core\/#website"},"datePublished":"2019-02-17T10:38:36+00:00","dateModified":"2019-02-17T10:48:26+00:00","breadcrumb":{"@id":"https:\/\/www.riarteco.it\/core\/progetto-senses\/#breadcrumb"},"inLanguage":"it-IT","potentialAction":[{"@type":"ReadAction","target":["https:\/\/www.riarteco.it\/core\/progetto-senses\/"]}]},{"@type":"BreadcrumbList","@id":"https:\/\/www.riarteco.it\/core\/progetto-senses\/#breadcrumb","itemListElement":[{"@type":"ListItem","position":1,"name":"Home","item":"https:\/\/www.riarteco.it\/core\/"},{"@type":"ListItem","position":2,"name":"Progetto SENSES"}]},{"@type":"Article","@id":"https:\/\/www.riarteco.it\/core\/progetto-senses\/#article","isPartOf":{"@id":"https:\/\/www.riarteco.it\/core\/progetto-senses\/#webpage"},"author":{"@id":"https:\/\/www.riarteco.it\/core\/#\/schema\/person\/6f421a0802ad7ee48872a225dd2e7f5f"},"headline":"Progetto SENSES","datePublished":"2019-02-17T10:38:36+00:00","dateModified":"2019-02-17T10:48:26+00:00","mainEntityOfPage":{"@id":"https:\/\/www.riarteco.it\/core\/progetto-senses\/#webpage"},"wordCount":433,"publisher":{"@id":"https:\/\/www.riarteco.it\/core\/#organization"},"articleSection":["Slider"],"inLanguage":"it-IT"},{"@type":"Person","@id":"https:\/\/www.riarteco.it\/core\/#\/schema\/person\/6f421a0802ad7ee48872a225dd2e7f5f","name":"Aida GP","image":{"@type":"ImageObject","@id":"https:\/\/www.riarteco.it\/core\/#personlogo","inLanguage":"it-IT","url":"https:\/\/secure.gravatar.com\/avatar\/8ca847a9699bb14c6738967855d93d05?s=96&d=mm&r=g","contentUrl":"https:\/\/secure.gravatar.com\/avatar\/8ca847a9699bb14c6738967855d93d05?s=96&d=mm&r=g","caption":"Aida GP"},"sameAs":["dscsacas"],"url":"https:\/\/www.riarteco.it\/core\/author\/aida-gp\/"}]}},"jetpack_featured_media_url":"","rttpg_featured_image_url":null,"rttpg_author":{"display_name":"Aida GP","author_link":"https:\/\/www.riarteco.it\/core\/author\/aida-gp\/"},"rttpg_comment":0,"rttpg_category":"<a href=\"https:\/\/www.riarteco.it\/core\/category\/slider\/\" rel=\"category tag\">Slider<\/a>","rttpg_excerpt":"Progetto \u201cSENSES\u201d \u201cSENSES\u201d accompagna con il linguaggio artistico le conferenze al Macro Asilo nei giorni del 5 e 6 marzo, organizzate da RiArtEco sul tema dei rifiuti e, pi\u00f9 in generale, dell&#8217;inquinamento ambientale. Una serie di installazioni realizzate con materiali di scarto e recupero a rappresentare l\u2019importanza di tutelare gli equilibri ambientali per migliorare la&hellip;","_links":{"self":[{"href":"https:\/\/www.riarteco.it\/core\/wp-json\/wp\/v2\/posts\/4210"}],"collection":[{"href":"https:\/\/www.riarteco.it\/core\/wp-json\/wp\/v2\/posts"}],"about":[{"href":"https:\/\/www.riarteco.it\/core\/wp-json\/wp\/v2\/types\/post"}],"author":[{"embeddable":true,"href":"https:\/\/www.riarteco.it\/core\/wp-json\/wp\/v2\/users\/5"}],"replies":[{"embeddable":true,"href":"https:\/\/www.riarteco.it\/core\/wp-json\/wp\/v2\/comments?post=4210"}],"version-history":[{"count":1,"href":"https:\/\/www.riarteco.it\/core\/wp-json\/wp\/v2\/posts\/4210\/revisions"}],"predecessor-version":[{"id":4213,"href":"https:\/\/www.riarteco.it\/core\/wp-json\/wp\/v2\/posts\/4210\/revisions\/4213"}],"wp:attachment":[{"href":"https:\/\/www.riarteco.it\/core\/wp-json\/wp\/v2\/media?parent=4210"}],"wp:term":[{"taxonomy":"category","embeddable":true,"href":"https:\/\/www.riarteco.it\/core\/wp-json\/wp\/v2\/categories?post=4210"},{"taxonomy":"post_tag","embeddable":true,"href":"https:\/\/www.riarteco.it\/core\/wp-json\/wp\/v2\/tags?post=4210"}],"curies":[{"name":"wp","href":"https:\/\/api.w.org\/{rel}","templated":true}]}}