{"id":4100,"date":"2019-01-20T11:33:52","date_gmt":"2019-01-20T10:33:52","guid":{"rendered":"https:\/\/www.riarteco.it\/core\/?p=4100"},"modified":"2019-02-21T07:38:48","modified_gmt":"2019-02-21T06:38:48","slug":"forum-rebirth","status":"publish","type":"post","link":"https:\/\/www.riarteco.it\/core\/forum-rebirth\/","title":{"rendered":"Forum Rebirth Roma 2019"},"content":{"rendered":"<p>Buongiorno ecoartiste ed ecoartisti, amanti ed appassionati dell&#8217;ambiente. Vi avevamo accennato che quest&#8217;anno Riarteco raddoppia. Non solo il tour espositivo con gli scarti trasformati in arte, ma un rinnovato impegno per la conversione verso stili e pratiche di vita sostenibili.<\/p>\n<p>Per questo oltre ai ricercatori ISPRA che condivideranno con noi l&#8217;aspetto scientifico dei fattori di inquinamento e l&#8217;importanza di preservare e conservare l&#8217;ambiente, Riarteco sar\u00e0 presente al primo Forum Rebirth di Roma. Un impegno sempre pi\u00f9 calato nella pratica del quotidiano perch\u00e9 ciascuno di noi pu\u00f2 fare qualcosa, il tempo stringe e non si pu\u00f2 delegare oltre.<\/p>\n<p>&nbsp;<a href=\"http:\/\/journal.cittadellarte.it\/best-practices\/demopraxia-sostenibilita-responsabilita-al-macro-roma-rebirth-forum\">http:\/\/journal.cittadellarte.it\/best-practices\/demopraxia-sostenibilita-responsabilita-al-macro-roma-rebirth-forum<\/a><\/p>\n<div class=\"rl-gallery-container rl-loading\" id=\"rl-gallery-container-1\" data-gallery_id=\"4418\"> <div class=\"rl-gallery rl-basicgrid-gallery \" id=\"rl-gallery-1\" data-gallery_no=\"1\"> <div class=\"rl-gallery-item\"><a href=\"https:\/\/www.riarteco.it\/core\/wp-content\/uploads\/2019\/02\/IMG_20190124_173207.jpg\" title=\"\" data-rl_title=\"\" class=\"rl-gallery-link\" data-rl_caption=\"\" data-rel=\"lightbox-gallery-1\"><img src=\"https:\/\/www.riarteco.it\/core\/wp-content\/uploads\/2019\/02\/IMG_20190124_173207-300x225.jpg\" width=\"300\" height=\"225\" alt=\"Macro Asilo 2019\"\/><\/a><\/div><div class=\"rl-gallery-item\"><a href=\"https:\/\/www.riarteco.it\/core\/wp-content\/uploads\/2019\/02\/IMG_20190124_184442.jpg\" title=\"\" data-rl_title=\"\" class=\"rl-gallery-link\" data-rl_caption=\"\" data-rel=\"lightbox-gallery-1\"><img src=\"https:\/\/www.riarteco.it\/core\/wp-content\/uploads\/2019\/02\/IMG_20190124_184442-300x225.jpg\" width=\"300\" height=\"225\" alt=\"Macro Asilo 2019\"\/><\/a><\/div><div class=\"rl-gallery-item\"><a href=\"https:\/\/www.riarteco.it\/core\/wp-content\/uploads\/2019\/02\/IMG_20190124_184450-e1550730348134.jpg\" title=\"\" data-rl_title=\"\" class=\"rl-gallery-link\" data-rl_caption=\"\" data-rel=\"lightbox-gallery-1\"><img src=\"https:\/\/www.riarteco.it\/core\/wp-content\/uploads\/2019\/02\/IMG_20190124_184450-e1550730348134-225x300.jpg\" width=\"225\" height=\"300\" alt=\"Macro Asilo 2019\"\/><\/a><\/div><div class=\"rl-gallery-item\"><a href=\"https:\/\/www.riarteco.it\/core\/wp-content\/uploads\/2019\/02\/IMG_20190124_184512.jpg\" title=\"\" data-rl_title=\"\" class=\"rl-gallery-link\" data-rl_caption=\"\" data-rel=\"lightbox-gallery-1\"><img src=\"https:\/\/www.riarteco.it\/core\/wp-content\/uploads\/2019\/02\/IMG_20190124_184512-300x225.jpg\" width=\"300\" height=\"225\" alt=\"Macro Asilo 2019\"\/><\/a><\/div><div class=\"rl-gallery-item\"><a href=\"https:\/\/www.riarteco.it\/core\/wp-content\/uploads\/2019\/02\/IMG_20190124_185300-e1550730411524.jpg\" title=\"\" data-rl_title=\"\" class=\"rl-gallery-link\" data-rl_caption=\"\" data-rel=\"lightbox-gallery-1\"><img src=\"https:\/\/www.riarteco.it\/core\/wp-content\/uploads\/2019\/02\/IMG_20190124_185300-e1550730411524-225x300.jpg\" width=\"225\" height=\"300\" alt=\"Macro Asilo 2019\"\/><\/a><\/div><div class=\"rl-gallery-item\"><a href=\"https:\/\/www.riarteco.it\/core\/wp-content\/uploads\/2019\/02\/IMG_20190124_185438-e1550730465131.jpg\" title=\"\" data-rl_title=\"\" class=\"rl-gallery-link\" data-rl_caption=\"\" data-rel=\"lightbox-gallery-1\"><img src=\"https:\/\/www.riarteco.it\/core\/wp-content\/uploads\/2019\/02\/IMG_20190124_185438-e1550730465131-225x300.jpg\" width=\"225\" height=\"300\" alt=\"Macro Asilo 2019\"\/><\/a><\/div><div class=\"rl-gallery-item\"><a href=\"https:\/\/www.riarteco.it\/core\/wp-content\/uploads\/2019\/02\/IMG_20190125_123927.jpg\" title=\"\" data-rl_title=\"\" class=\"rl-gallery-link\" data-rl_caption=\"\" data-rel=\"lightbox-gallery-1\"><img src=\"https:\/\/www.riarteco.it\/core\/wp-content\/uploads\/2019\/02\/IMG_20190125_123927-300x225.jpg\" width=\"300\" height=\"225\" alt=\"Macro Asilo 2019\"\/><\/a><\/div><div class=\"rl-gallery-item\"><a href=\"https:\/\/www.riarteco.it\/core\/wp-content\/uploads\/2019\/02\/IMG_20190125_142136-e1550730584660.jpg\" title=\"\" data-rl_title=\"\" class=\"rl-gallery-link\" data-rl_caption=\"\" data-rel=\"lightbox-gallery-1\"><img src=\"https:\/\/www.riarteco.it\/core\/wp-content\/uploads\/2019\/02\/IMG_20190125_142136-e1550730584660-225x300.jpg\" width=\"225\" height=\"300\" alt=\"Macro Asilo 2019\"\/><\/a><\/div><div class=\"rl-gallery-item\"><a href=\"https:\/\/www.riarteco.it\/core\/wp-content\/uploads\/2019\/02\/IMG_20190125_184844.jpg\" title=\"\" data-rl_title=\"\" class=\"rl-gallery-link\" data-rl_caption=\"\" data-rel=\"lightbox-gallery-1\"><img src=\"https:\/\/www.riarteco.it\/core\/wp-content\/uploads\/2019\/02\/IMG_20190125_184844-300x225.jpg\" width=\"300\" height=\"225\" alt=\"\"\/><\/a><\/div><div class=\"rl-gallery-item\"><a href=\"https:\/\/www.riarteco.it\/core\/wp-content\/uploads\/2019\/02\/IMG_20190126_134117.jpg\" title=\"\" data-rl_title=\"\" class=\"rl-gallery-link\" data-rl_caption=\"\" data-rel=\"lightbox-gallery-1\"><img src=\"https:\/\/www.riarteco.it\/core\/wp-content\/uploads\/2019\/02\/IMG_20190126_134117-300x225.jpg\" width=\"300\" height=\"225\" alt=\"Forum Rebirth 2019\"\/><\/a><\/div><div class=\"rl-gallery-item\"><a href=\"https:\/\/www.riarteco.it\/core\/wp-content\/uploads\/2019\/02\/IMG_20190126_134156.jpg\" title=\"\" data-rl_title=\"\" class=\"rl-gallery-link\" data-rl_caption=\"\" data-rel=\"lightbox-gallery-1\"><img src=\"https:\/\/www.riarteco.it\/core\/wp-content\/uploads\/2019\/02\/IMG_20190126_134156-300x225.jpg\" width=\"300\" height=\"225\" alt=\"\"\/><\/a><\/div> <\/div> <\/div>\n<figure id=\"attachment_4096\" aria-describedby=\"caption-attachment-4096\" style=\"width: 300px\" class=\"wp-caption alignnone\"><img loading=\"lazy\" class=\"size-medium wp-image-4096\" src=\"https:\/\/www.riarteco.it\/core\/wp-content\/uploads\/2019\/01\/Rebirth1-300x210.jpg\" alt=\"Locandina evento\" width=\"300\" height=\"210\"><figcaption id=\"caption-attachment-4096\" class=\"wp-caption-text\">Locandina evento<\/figcaption><\/figure>\n<p><img loading=\"lazy\" class=\"size-medium wp-image-4097 alignright\" src=\"https:\/\/www.riarteco.it\/core\/wp-content\/uploads\/2019\/01\/Rebirth2-152x300.jpg\" alt=\"\" width=\"152\" height=\"300\"><\/p>\n","protected":false},"excerpt":{"rendered":"<p>Buongiorno ecoartiste ed ecoartisti, amanti ed appassionati dell&#8217;ambiente. Vi avevamo accennato che quest&#8217;anno Riarteco raddoppia. Non solo il tour espositivo con gli scarti trasformati in arte, ma un rinnovato impegno per la conversione verso stili e pratiche di vita sostenibili. Per questo oltre ai ricercatori ISPRA che condivideranno con noi l&#8217;aspetto scientifico dei fattori di [&hellip;]<\/p>\n","protected":false},"author":5,"featured_media":0,"comment_status":"closed","ping_status":"closed","sticky":false,"template":"","format":"standard","meta":{"ngg_post_thumbnail":0},"categories":[23],"tags":[],"acf":[],"yoast_head":"<!-- This site is optimized with the Yoast SEO plugin v18.4.1 - https:\/\/yoast.com\/wordpress\/plugins\/seo\/ -->\n<title>Forum Rebirth Roma 2019 - RiartEco<\/title>\n<meta name=\"robots\" content=\"index, follow, max-snippet:-1, max-image-preview:large, max-video-preview:-1\" \/>\n<link rel=\"canonical\" href=\"https:\/\/www.riarteco.it\/core\/forum-rebirth\/\" \/>\n<meta property=\"og:locale\" content=\"it_IT\" \/>\n<meta property=\"og:type\" content=\"article\" \/>\n<meta property=\"og:title\" content=\"Forum Rebirth Roma 2019 - RiartEco\" \/>\n<meta property=\"og:description\" content=\"Buongiorno ecoartiste ed ecoartisti, amanti ed appassionati dell&#8217;ambiente. Vi avevamo accennato che quest&#8217;anno Riarteco raddoppia. Non solo il tour espositivo con gli scarti trasformati in arte, ma un rinnovato impegno per la conversione verso stili e pratiche di vita sostenibili. Per questo oltre ai ricercatori ISPRA che condivideranno con noi l&#8217;aspetto scientifico dei fattori di [&hellip;]\" \/>\n<meta property=\"og:url\" content=\"https:\/\/www.riarteco.it\/core\/forum-rebirth\/\" \/>\n<meta property=\"og:site_name\" content=\"RiartEco\" \/>\n<meta property=\"article:published_time\" content=\"2019-01-20T10:33:52+00:00\" \/>\n<meta property=\"article:modified_time\" content=\"2019-02-21T06:38:48+00:00\" \/>\n<meta property=\"og:image\" content=\"https:\/\/www.riarteco.it\/core\/wp-content\/uploads\/2019\/01\/Rebirth1-300x210.jpg\" \/>\n<meta name=\"twitter:card\" content=\"summary\" \/>\n<meta name=\"twitter:label1\" content=\"Scritto da\" \/>\n\t<meta name=\"twitter:data1\" content=\"Aida GP\" \/>\n\t<meta name=\"twitter:label2\" content=\"Tempo di lettura stimato\" \/>\n\t<meta name=\"twitter:data2\" content=\"1 minuto\" \/>\n<script type=\"application\/ld+json\" class=\"yoast-schema-graph\">{\"@context\":\"https:\/\/schema.org\",\"@graph\":[{\"@type\":\"Organization\",\"@id\":\"https:\/\/www.riarteco.it\/core\/#organization\",\"name\":\"Movimento RiArtEco\",\"url\":\"https:\/\/www.riarteco.it\/core\/\",\"sameAs\":[],\"logo\":{\"@type\":\"ImageObject\",\"@id\":\"https:\/\/www.riarteco.it\/core\/#logo\",\"inLanguage\":\"it-IT\",\"url\":\"https:\/\/www.riarteco.it\/core\/wp-content\/uploads\/2015\/05\/cropped-intestazione.jpg\",\"contentUrl\":\"https:\/\/www.riarteco.it\/core\/wp-content\/uploads\/2015\/05\/cropped-intestazione.jpg\",\"width\":1440,\"height\":520,\"caption\":\"Movimento RiArtEco\"},\"image\":{\"@id\":\"https:\/\/www.riarteco.it\/core\/#logo\"}},{\"@type\":\"WebSite\",\"@id\":\"https:\/\/www.riarteco.it\/core\/#website\",\"url\":\"https:\/\/www.riarteco.it\/core\/\",\"name\":\"RiartEco\",\"description\":\"ARTE (r)EVOLUTION\",\"publisher\":{\"@id\":\"https:\/\/www.riarteco.it\/core\/#organization\"},\"potentialAction\":[{\"@type\":\"SearchAction\",\"target\":{\"@type\":\"EntryPoint\",\"urlTemplate\":\"https:\/\/www.riarteco.it\/core\/?s={search_term_string}\"},\"query-input\":\"required name=search_term_string\"}],\"inLanguage\":\"it-IT\"},{\"@type\":\"ImageObject\",\"@id\":\"https:\/\/www.riarteco.it\/core\/forum-rebirth\/#primaryimage\",\"inLanguage\":\"it-IT\",\"url\":\"https:\/\/www.riarteco.it\/core\/wp-content\/uploads\/2019\/01\/Rebirth1.jpg\",\"contentUrl\":\"https:\/\/www.riarteco.it\/core\/wp-content\/uploads\/2019\/01\/Rebirth1.jpg\",\"width\":1599,\"height\":1120,\"caption\":\"Locandina evento\"},{\"@type\":\"WebPage\",\"@id\":\"https:\/\/www.riarteco.it\/core\/forum-rebirth\/#webpage\",\"url\":\"https:\/\/www.riarteco.it\/core\/forum-rebirth\/\",\"name\":\"Forum Rebirth Roma 2019 - RiartEco\",\"isPartOf\":{\"@id\":\"https:\/\/www.riarteco.it\/core\/#website\"},\"primaryImageOfPage\":{\"@id\":\"https:\/\/www.riarteco.it\/core\/forum-rebirth\/#primaryimage\"},\"datePublished\":\"2019-01-20T10:33:52+00:00\",\"dateModified\":\"2019-02-21T06:38:48+00:00\",\"breadcrumb\":{\"@id\":\"https:\/\/www.riarteco.it\/core\/forum-rebirth\/#breadcrumb\"},\"inLanguage\":\"it-IT\",\"potentialAction\":[{\"@type\":\"ReadAction\",\"target\":[\"https:\/\/www.riarteco.it\/core\/forum-rebirth\/\"]}]},{\"@type\":\"BreadcrumbList\",\"@id\":\"https:\/\/www.riarteco.it\/core\/forum-rebirth\/#breadcrumb\",\"itemListElement\":[{\"@type\":\"ListItem\",\"position\":1,\"name\":\"Home\",\"item\":\"https:\/\/www.riarteco.it\/core\/\"},{\"@type\":\"ListItem\",\"position\":2,\"name\":\"Forum Rebirth Roma 2019\"}]},{\"@type\":\"Article\",\"@id\":\"https:\/\/www.riarteco.it\/core\/forum-rebirth\/#article\",\"isPartOf\":{\"@id\":\"https:\/\/www.riarteco.it\/core\/forum-rebirth\/#webpage\"},\"author\":{\"@id\":\"https:\/\/www.riarteco.it\/core\/#\/schema\/person\/6f421a0802ad7ee48872a225dd2e7f5f\"},\"headline\":\"Forum Rebirth Roma 2019\",\"datePublished\":\"2019-01-20T10:33:52+00:00\",\"dateModified\":\"2019-02-21T06:38:48+00:00\",\"mainEntityOfPage\":{\"@id\":\"https:\/\/www.riarteco.it\/core\/forum-rebirth\/#webpage\"},\"wordCount\":119,\"publisher\":{\"@id\":\"https:\/\/www.riarteco.it\/core\/#organization\"},\"image\":{\"@id\":\"https:\/\/www.riarteco.it\/core\/forum-rebirth\/#primaryimage\"},\"thumbnailUrl\":\"https:\/\/www.riarteco.it\/core\/wp-content\/uploads\/2019\/01\/Rebirth1-300x210.jpg\",\"articleSection\":[\"Slider\"],\"inLanguage\":\"it-IT\"},{\"@type\":\"Person\",\"@id\":\"https:\/\/www.riarteco.it\/core\/#\/schema\/person\/6f421a0802ad7ee48872a225dd2e7f5f\",\"name\":\"Aida GP\",\"image\":{\"@type\":\"ImageObject\",\"@id\":\"https:\/\/www.riarteco.it\/core\/#personlogo\",\"inLanguage\":\"it-IT\",\"url\":\"https:\/\/secure.gravatar.com\/avatar\/8ca847a9699bb14c6738967855d93d05?s=96&d=mm&r=g\",\"contentUrl\":\"https:\/\/secure.gravatar.com\/avatar\/8ca847a9699bb14c6738967855d93d05?s=96&d=mm&r=g\",\"caption\":\"Aida GP\"},\"sameAs\":[\"dscsacas\"],\"url\":\"https:\/\/www.riarteco.it\/core\/author\/aida-gp\/\"}]}<\/script>\n<!-- \/ Yoast SEO plugin. -->","yoast_head_json":{"title":"Forum Rebirth Roma 2019 - RiartEco","robots":{"index":"index","follow":"follow","max-snippet":"max-snippet:-1","max-image-preview":"max-image-preview:large","max-video-preview":"max-video-preview:-1"},"canonical":"https:\/\/www.riarteco.it\/core\/forum-rebirth\/","og_locale":"it_IT","og_type":"article","og_title":"Forum Rebirth Roma 2019 - RiartEco","og_description":"Buongiorno ecoartiste ed ecoartisti, amanti ed appassionati dell&#8217;ambiente. Vi avevamo accennato che quest&#8217;anno Riarteco raddoppia. Non solo il tour espositivo con gli scarti trasformati in arte, ma un rinnovato impegno per la conversione verso stili e pratiche di vita sostenibili. Per questo oltre ai ricercatori ISPRA che condivideranno con noi l&#8217;aspetto scientifico dei fattori di [&hellip;]","og_url":"https:\/\/www.riarteco.it\/core\/forum-rebirth\/","og_site_name":"RiartEco","article_published_time":"2019-01-20T10:33:52+00:00","article_modified_time":"2019-02-21T06:38:48+00:00","og_image":[{"url":"https:\/\/www.riarteco.it\/core\/wp-content\/uploads\/2019\/01\/Rebirth1-300x210.jpg"}],"twitter_card":"summary","twitter_misc":{"Scritto da":"Aida GP","Tempo di lettura stimato":"1 minuto"},"schema":{"@context":"https:\/\/schema.org","@graph":[{"@type":"Organization","@id":"https:\/\/www.riarteco.it\/core\/#organization","name":"Movimento RiArtEco","url":"https:\/\/www.riarteco.it\/core\/","sameAs":[],"logo":{"@type":"ImageObject","@id":"https:\/\/www.riarteco.it\/core\/#logo","inLanguage":"it-IT","url":"https:\/\/www.riarteco.it\/core\/wp-content\/uploads\/2015\/05\/cropped-intestazione.jpg","contentUrl":"https:\/\/www.riarteco.it\/core\/wp-content\/uploads\/2015\/05\/cropped-intestazione.jpg","width":1440,"height":520,"caption":"Movimento RiArtEco"},"image":{"@id":"https:\/\/www.riarteco.it\/core\/#logo"}},{"@type":"WebSite","@id":"https:\/\/www.riarteco.it\/core\/#website","url":"https:\/\/www.riarteco.it\/core\/","name":"RiartEco","description":"ARTE (r)EVOLUTION","publisher":{"@id":"https:\/\/www.riarteco.it\/core\/#organization"},"potentialAction":[{"@type":"SearchAction","target":{"@type":"EntryPoint","urlTemplate":"https:\/\/www.riarteco.it\/core\/?s={search_term_string}"},"query-input":"required name=search_term_string"}],"inLanguage":"it-IT"},{"@type":"ImageObject","@id":"https:\/\/www.riarteco.it\/core\/forum-rebirth\/#primaryimage","inLanguage":"it-IT","url":"https:\/\/www.riarteco.it\/core\/wp-content\/uploads\/2019\/01\/Rebirth1.jpg","contentUrl":"https:\/\/www.riarteco.it\/core\/wp-content\/uploads\/2019\/01\/Rebirth1.jpg","width":1599,"height":1120,"caption":"Locandina evento"},{"@type":"WebPage","@id":"https:\/\/www.riarteco.it\/core\/forum-rebirth\/#webpage","url":"https:\/\/www.riarteco.it\/core\/forum-rebirth\/","name":"Forum Rebirth Roma 2019 - RiartEco","isPartOf":{"@id":"https:\/\/www.riarteco.it\/core\/#website"},"primaryImageOfPage":{"@id":"https:\/\/www.riarteco.it\/core\/forum-rebirth\/#primaryimage"},"datePublished":"2019-01-20T10:33:52+00:00","dateModified":"2019-02-21T06:38:48+00:00","breadcrumb":{"@id":"https:\/\/www.riarteco.it\/core\/forum-rebirth\/#breadcrumb"},"inLanguage":"it-IT","potentialAction":[{"@type":"ReadAction","target":["https:\/\/www.riarteco.it\/core\/forum-rebirth\/"]}]},{"@type":"BreadcrumbList","@id":"https:\/\/www.riarteco.it\/core\/forum-rebirth\/#breadcrumb","itemListElement":[{"@type":"ListItem","position":1,"name":"Home","item":"https:\/\/www.riarteco.it\/core\/"},{"@type":"ListItem","position":2,"name":"Forum Rebirth Roma 2019"}]},{"@type":"Article","@id":"https:\/\/www.riarteco.it\/core\/forum-rebirth\/#article","isPartOf":{"@id":"https:\/\/www.riarteco.it\/core\/forum-rebirth\/#webpage"},"author":{"@id":"https:\/\/www.riarteco.it\/core\/#\/schema\/person\/6f421a0802ad7ee48872a225dd2e7f5f"},"headline":"Forum Rebirth Roma 2019","datePublished":"2019-01-20T10:33:52+00:00","dateModified":"2019-02-21T06:38:48+00:00","mainEntityOfPage":{"@id":"https:\/\/www.riarteco.it\/core\/forum-rebirth\/#webpage"},"wordCount":119,"publisher":{"@id":"https:\/\/www.riarteco.it\/core\/#organization"},"image":{"@id":"https:\/\/www.riarteco.it\/core\/forum-rebirth\/#primaryimage"},"thumbnailUrl":"https:\/\/www.riarteco.it\/core\/wp-content\/uploads\/2019\/01\/Rebirth1-300x210.jpg","articleSection":["Slider"],"inLanguage":"it-IT"},{"@type":"Person","@id":"https:\/\/www.riarteco.it\/core\/#\/schema\/person\/6f421a0802ad7ee48872a225dd2e7f5f","name":"Aida GP","image":{"@type":"ImageObject","@id":"https:\/\/www.riarteco.it\/core\/#personlogo","inLanguage":"it-IT","url":"https:\/\/secure.gravatar.com\/avatar\/8ca847a9699bb14c6738967855d93d05?s=96&d=mm&r=g","contentUrl":"https:\/\/secure.gravatar.com\/avatar\/8ca847a9699bb14c6738967855d93d05?s=96&d=mm&r=g","caption":"Aida GP"},"sameAs":["dscsacas"],"url":"https:\/\/www.riarteco.it\/core\/author\/aida-gp\/"}]}},"jetpack_featured_media_url":"","rttpg_featured_image_url":null,"rttpg_author":{"display_name":"Aida GP","author_link":"https:\/\/www.riarteco.it\/core\/author\/aida-gp\/"},"rttpg_comment":0,"rttpg_category":"<a href=\"https:\/\/www.riarteco.it\/core\/category\/slider\/\" rel=\"category tag\">Slider<\/a>","rttpg_excerpt":"Buongiorno ecoartiste ed ecoartisti, amanti ed appassionati dell&#8217;ambiente. Vi avevamo accennato che quest&#8217;anno Riarteco raddoppia. Non solo il tour espositivo con gli scarti trasformati in arte, ma un rinnovato impegno per la conversione verso stili e pratiche di vita sostenibili. Per questo oltre ai ricercatori ISPRA che condivideranno con noi l&#8217;aspetto scientifico dei fattori di&hellip;","_links":{"self":[{"href":"https:\/\/www.riarteco.it\/core\/wp-json\/wp\/v2\/posts\/4100"}],"collection":[{"href":"https:\/\/www.riarteco.it\/core\/wp-json\/wp\/v2\/posts"}],"about":[{"href":"https:\/\/www.riarteco.it\/core\/wp-json\/wp\/v2\/types\/post"}],"author":[{"embeddable":true,"href":"https:\/\/www.riarteco.it\/core\/wp-json\/wp\/v2\/users\/5"}],"replies":[{"embeddable":true,"href":"https:\/\/www.riarteco.it\/core\/wp-json\/wp\/v2\/comments?post=4100"}],"version-history":[{"count":2,"href":"https:\/\/www.riarteco.it\/core\/wp-json\/wp\/v2\/posts\/4100\/revisions"}],"predecessor-version":[{"id":4420,"href":"https:\/\/www.riarteco.it\/core\/wp-json\/wp\/v2\/posts\/4100\/revisions\/4420"}],"wp:attachment":[{"href":"https:\/\/www.riarteco.it\/core\/wp-json\/wp\/v2\/media?parent=4100"}],"wp:term":[{"taxonomy":"category","embeddable":true,"href":"https:\/\/www.riarteco.it\/core\/wp-json\/wp\/v2\/categories?post=4100"},{"taxonomy":"post_tag","embeddable":true,"href":"https:\/\/www.riarteco.it\/core\/wp-json\/wp\/v2\/tags?post=4100"}],"curies":[{"name":"wp","href":"https:\/\/api.w.org\/{rel}","templated":true}]}}